{"id":6374,"date":"2021-12-23T09:52:39","date_gmt":"2021-12-23T08:52:39","guid":{"rendered":"http:\/\/www.si-hr.eu\/si2\/?p=6374"},"modified":"2021-12-23T09:57:38","modified_gmt":"2021-12-23T08:57:38","slug":"vesele-praznike-5","status":"publish","type":"post","link":"http:\/\/www.si-hr.eu\/si2\/2021\/12\/23\/vesele-praznike-5\/","title":{"rendered":"Vesele praznike!"},"content":{"rendered":"<p><a href=\"http:\/\/www.si-hr.eu\/si2\/wp-content\/uploads\/sites\/14\/2021\/12\/Voscilnica-si-hr.png\"><img decoding=\"async\" loading=\"lazy\" class=\"aligncenter wp-image-6377 size-full\" src=\"http:\/\/www.si-hr.eu\/si2\/wp-content\/uploads\/sites\/14\/2021\/12\/Voscilnica-si-hr.png\" alt=\"\" width=\"904\" height=\"506\" srcset=\"http:\/\/www.si-hr.eu\/si2\/wp-content\/uploads\/sites\/14\/2021\/12\/Voscilnica-si-hr.png 904w, http:\/\/www.si-hr.eu\/si2\/wp-content\/uploads\/sites\/14\/2021\/12\/Voscilnica-si-hr-300x168.png 300w, http:\/\/www.si-hr.eu\/si2\/wp-content\/uploads\/sites\/14\/2021\/12\/Voscilnica-si-hr-768x430.png 768w, http:\/\/www.si-hr.eu\/si2\/wp-content\/uploads\/sites\/14\/2021\/12\/Voscilnica-si-hr-600x336.png 600w, http:\/\/www.si-hr.eu\/si2\/wp-content\/uploads\/sites\/14\/2021\/12\/Voscilnica-si-hr-705x395.png 705w, http:\/\/www.si-hr.eu\/si2\/wp-content\/uploads\/sites\/14\/2021\/12\/Voscilnica-si-hr-450x252.png 450w\" sizes=\"(max-width: 904px) 100vw, 904px\" \/><\/a><\/p>\n<p>&nbsp;<\/p>\n<p>&nbsp;<\/p>\n","protected":false},"excerpt":{"rendered":"<p>Vesele praznike in uspe\u0161no novo leto 2022 vam \u017eelita Organ upravljanja in Skupni sekretariat PS Slovenija-Hrva\u0161ka 2014-2020!<\/p>\n","protected":false},"author":18,"featured_media":6383,"comment_status":"closed","ping_status":"open","sticky":false,"template":"","format":"standard","meta":{"ngg_post_thumbnail":0},"categories":[3,8],"tags":[],"acf":[],"_links":{"self":[{"href":"http:\/\/www.si-hr.eu\/si2\/wp-json\/wp\/v2\/posts\/6374"}],"collection":[{"href":"http:\/\/www.si-hr.eu\/si2\/wp-json\/wp\/v2\/posts"}],"about":[{"href":"http:\/\/www.si-hr.eu\/si2\/wp-json\/wp\/v2\/types\/post"}],"author":[{"embeddable":true,"href":"http:\/\/www.si-hr.eu\/si2\/wp-json\/wp\/v2\/users\/18"}],"replies":[{"embeddable":true,"href":"http:\/\/www.si-hr.eu\/si2\/wp-json\/wp\/v2\/comments?post=6374"}],"version-history":[{"count":2,"href":"http:\/\/www.si-hr.eu\/si2\/wp-json\/wp\/v2\/posts\/6374\/revisions"}],"predecessor-version":[{"id":6382,"href":"http:\/\/www.si-hr.eu\/si2\/wp-json\/wp\/v2\/posts\/6374\/revisions\/6382"}],"wp:featuredmedia":[{"embeddable":true,"href":"http:\/\/www.si-hr.eu\/si2\/wp-json\/wp\/v2\/media\/6383"}],"wp:attachment":[{"href":"http:\/\/www.si-hr.eu\/si2\/wp-json\/wp\/v2\/media?parent=6374"}],"wp:term":[{"taxonomy":"category","embeddable":true,"href":"http:\/\/www.si-hr.eu\/si2\/wp-json\/wp\/v2\/categories?post=6374"},{"taxonomy":"post_tag","embeddable":true,"href":"http:\/\/www.si-hr.eu\/si2\/wp-json\/wp\/v2\/tags?post=6374"}],"curies":[{"name":"wp","href":"https:\/\/api.w.org\/{rel}","templated":true}]}}