{"id":6811,"date":"2022-12-23T07:07:49","date_gmt":"2022-12-23T06:07:49","guid":{"rendered":"http:\/\/www.si-hr.eu\/si2\/?p=6811"},"modified":"2022-12-27T07:18:00","modified_gmt":"2022-12-27T06:18:00","slug":"vesele-praznike-6","status":"publish","type":"post","link":"http:\/\/www.si-hr.eu\/si2\/2022\/12\/23\/vesele-praznike-6\/","title":{"rendered":"Vesele praznike!"},"content":{"rendered":"<section  class='av_textblock_section av-2gb5im-02bb2f2392c63cce3670cc89b22b727c'  itemscope=\"itemscope\" itemtype=\"https:\/\/schema.org\/BlogPosting\" itemprop=\"blogPost\" ><div class='avia_textblock'  itemprop=\"text\" ><h1><a href=\"http:\/\/www.si-hr.eu\/si2\/wp-content\/uploads\/sites\/14\/2022\/12\/Voscilo.png\">Vesele praznike!<img decoding=\"async\" loading=\"lazy\" class=\"aligncenter wp-image-6812 size-full\" src=\"http:\/\/www.si-hr.eu\/si2\/wp-content\/uploads\/sites\/14\/2022\/12\/Voscilo.png\" alt=\"\" width=\"916\" height=\"646\" srcset=\"http:\/\/www.si-hr.eu\/si2\/wp-content\/uploads\/sites\/14\/2022\/12\/Voscilo.png 916w, http:\/\/www.si-hr.eu\/si2\/wp-content\/uploads\/sites\/14\/2022\/12\/Voscilo-300x212.png 300w, http:\/\/www.si-hr.eu\/si2\/wp-content\/uploads\/sites\/14\/2022\/12\/Voscilo-768x542.png 768w, http:\/\/www.si-hr.eu\/si2\/wp-content\/uploads\/sites\/14\/2022\/12\/Voscilo-600x423.png 600w, http:\/\/www.si-hr.eu\/si2\/wp-content\/uploads\/sites\/14\/2022\/12\/Voscilo-705x497.png 705w\" sizes=\"(max-width: 916px) 100vw, 916px\" \/><\/a><\/h1>\n<\/div><\/section>\n","protected":false},"excerpt":{"rendered":"<p>Vesele praznike in uspe\u0161no novo leto 2023 vam \u017eelita Organ upravljanja in Skupni sekretariat Slovenija-Hrva\u0161ka!<\/p>\n","protected":false},"author":18,"featured_media":6812,"comment_status":"closed","ping_status":"open","sticky":false,"template":"","format":"standard","meta":{"ngg_post_thumbnail":0},"categories":[3,8],"tags":[],"acf":[],"_links":{"self":[{"href":"http:\/\/www.si-hr.eu\/si2\/wp-json\/wp\/v2\/posts\/6811"}],"collection":[{"href":"http:\/\/www.si-hr.eu\/si2\/wp-json\/wp\/v2\/posts"}],"about":[{"href":"http:\/\/www.si-hr.eu\/si2\/wp-json\/wp\/v2\/types\/post"}],"author":[{"embeddable":true,"href":"http:\/\/www.si-hr.eu\/si2\/wp-json\/wp\/v2\/users\/18"}],"replies":[{"embeddable":true,"href":"http:\/\/www.si-hr.eu\/si2\/wp-json\/wp\/v2\/comments?post=6811"}],"version-history":[{"count":3,"href":"http:\/\/www.si-hr.eu\/si2\/wp-json\/wp\/v2\/posts\/6811\/revisions"}],"predecessor-version":[{"id":6815,"href":"http:\/\/www.si-hr.eu\/si2\/wp-json\/wp\/v2\/posts\/6811\/revisions\/6815"}],"wp:featuredmedia":[{"embeddable":true,"href":"http:\/\/www.si-hr.eu\/si2\/wp-json\/wp\/v2\/media\/6812"}],"wp:attachment":[{"href":"http:\/\/www.si-hr.eu\/si2\/wp-json\/wp\/v2\/media?parent=6811"}],"wp:term":[{"taxonomy":"category","embeddable":true,"href":"http:\/\/www.si-hr.eu\/si2\/wp-json\/wp\/v2\/categories?post=6811"},{"taxonomy":"post_tag","embeddable":true,"href":"http:\/\/www.si-hr.eu\/si2\/wp-json\/wp\/v2\/tags?post=6811"}],"curies":[{"name":"wp","href":"https:\/\/api.w.org\/{rel}","templated":true}]}}