{"id":6866,"date":"2023-03-24T15:28:04","date_gmt":"2023-03-24T14:28:04","guid":{"rendered":"http:\/\/www.si-hr.eu\/si2\/?p=6866"},"modified":"2023-03-27T09:43:28","modified_gmt":"2023-03-27T08:43:28","slug":"objava-dveh-javnih-razpisov-za-predlozitev-vlog-za-standardne-projekte","status":"publish","type":"post","link":"http:\/\/www.si-hr.eu\/si2\/2023\/03\/24\/objava-dveh-javnih-razpisov-za-predlozitev-vlog-za-standardne-projekte\/","title":{"rendered":"Objava dveh Javnih razpisov za predlo\u017eitev vlog za standardne projekte"},"content":{"rendered":"<section  class='av_textblock_section av-2gb5im-02bb2f2392c63cce3670cc89b22b727c'  itemscope=\"itemscope\" itemtype=\"https:\/\/schema.org\/BlogPosting\" itemprop=\"blogPost\" ><div class='avia_textblock'  itemprop=\"text\" ><h3 style=\"text-align: center;\"><strong>Objava dveh Javnih razpisov za predlo\u017eitev vlog za standardne projekte<\/strong><\/h3>\n<h3 style=\"text-align: center;\"><strong>&nbsp;<\/strong><\/h3>\n<h2><span style=\"color: #ffffff;\">.<\/span><\/h2>\n<p>V petek, 24. marca 2023, sta bila v okviru \u010dezmejnega Interreg Programa Slovenija-Hrva\u0161ka za obdobje 2021-2027&nbsp;<strong>v <a href=\"https:\/\/www.uradni-list.si\/_pdf\/2023\/Ra\/r2023034.pdf\">Uradnem listu Republike Slovenije<\/a>&nbsp;<\/strong>in na spletni strani programa objavljena Javni razpis za predlo\u017eitev vlog za standardne projekte za prednostni nalogi 1 in 3 (specifi\u010dni cilj 6.2) in Javni razpis za predlo\u017eitev vlog za standardne projekte za prednostno nalogo 2. <strong>&nbsp;<\/strong><\/p>\n<h6><strong>&nbsp;<\/strong><\/h6>\n<p>Javna razpisa sta namenjena sofinanciranju projektov \u010dezmejnega sodelovanja med Slovenijo in Hrva\u0161ko v programskem obdobju 2021-2027, ki u\u010dinkovito prispevajo k&nbsp;<strong>splo\u0161nemu cilju programa, ki je&nbsp;<\/strong>ohranjena, odporna in povezana \u010dezmejna regija, kjer je trajnostni razvoj glavno orodje za ekonomsko pre\u017eivetje, varnost, za\u0161\u010dito biotske raznovrstnosti in socialno blaginjo vseh prebivalcev. Program predvideva vzajemno u\u010denje in skupne ukrepe, ki vodijo k spremembam v vseh prednostnih nalogah, predvsem k ponovnemu \u010dezmejnemu povezovanju, razumevanju trenutnih skupnih potreb in nevarnosti hitro spreminjajo\u010de se realnosti ter sodelovanju za pove\u010danje odpornosti in prilagodljivosti ljudi, organizacij in skupnosti, s \u010dimer bo programsko obmo\u010dje postalo bolj zeleno in digitalno ter tako pripravljeno na prihodnost.<\/p>\n<h6>&nbsp;<\/h6>\n<p>Za sofinanciranje projektov je za razpisa za standardne projekte zagotovljenih<strong> 35,5&nbsp;mil. EUR sredstev iz ESRR<\/strong>. Program se izvaja na osnovi&nbsp;<strong>odprtih javnih razpisov<\/strong>. To pomeni, da lahko prijavitelji vloge predlo\u017eijo neprekinjeno od objave razpisa naprej oziroma dokler so na voljo sredstva. Prijave, ki bodo prejete do navedenega roka in bodo izpolnjevale vse zahteve, bodo predlo\u017eene v odlo\u010ditev Odboru za spremljanje na njegovem naslednjem zasedanju.&nbsp;<\/p>\n<h6>&nbsp;<\/h6>\n<p><strong>Prvi rok za predlo\u017eitev vlog je:<\/strong><\/p>\n<ul>\n<li>Javni razpis za predlo\u017eitev vlog za standardne projekte za prednostni nalogi 1 in 3 (specifi\u010dni cilj 6.2)<strong>\u2013 24. maj 2023, ob 12. uri (po srednjeevropskem \u010dasu).<\/strong><\/li>\n<li>Javni razpis za predlo\u017eitev vlog za standardne projekte za prednostno nalogo 2<strong>\u2013 21. junij 2023, ob 12. uri (po srednjeevropskem \u010dasu).).<\/strong><\/li>\n<\/ul>\n<h6>&nbsp;<\/h6>\n<p>Program v okviru navedenih razpisov podpira standardne projekte v okviru naslednjih treh prednostnih nalog in pripadajo\u010dih specifi\u010dnih ciljev:<\/p>\n<p><em><strong>Prednostna naloga 1:&nbsp;<\/strong><\/em><strong>zelena in prilagodljiva regija<\/strong><\/p>\n<ul>\n<li><em>Specifi\u010dni cilj 2.4:&nbsp;<\/em>Spodbujanje prilagajanja podnebnim spremembam, prepre\u010devanja tveganja nesre\u010d in odpornosti ob upo\u0161tevanju ekosistemskih pristopov<\/li>\n<li><em>Specifi\u010dni cilj 2.7:&nbsp;<\/em>Izbolj\u0161anje varstva in ohranjanja narave ter biotske raznovrstnosti in zelene infrastrukture, tudi v mestnem okolju, in zmanj\u0161anje vseh oblik onesna\u017eevanja<\/li>\n<\/ul>\n<h6>&nbsp;<\/h6>\n<p><em><strong>Prednostna naloga 2:&nbsp;<\/strong><\/em><strong>Odporna in trajnostna regija<\/strong><\/p>\n<ul>\n<li style=\"list-style-type: none;\">\n<ul>\n<li><em>Specifi\u010dni cilj 4.6:&nbsp;<\/em>Krepitev vloge kulture in trajnostnega turizma pri gospodarskem razvoju, socialni vklju\u010denosti in socialnih inovacijah<\/li>\n<\/ul>\n<\/li>\n<\/ul>\n<h6>&nbsp;<\/h6>\n<p><em><strong>Prednostna naloga 3:&nbsp;<\/strong><\/em><strong>Dostopna in povezana regija<\/strong><\/p>\n<ul>\n<li><em>Specifi\u010dni cilj 6.2:&nbsp;<\/em>Krepitev u\u010dinkovite javne uprave s spodbujanjem pravnega in upravnega sodelovanja ter sodelovanja med dr\u017eavljani, akterji civilne dru\u017ebe in institucijami, zlasti z namenom, da se odpravijo pravne in druge ovire v obmejnih regijah<\/li>\n<\/ul>\n<h6>&nbsp;<\/h6>\n<p><strong>Projektne vloge se lahko oddajo kadar koli med datumom za\u010detka in datumom zaklju\u010dka javnih razpisov za predlo\u017eitev projektov, ali dokler so na voljo sredstva. Projektne vloge se oddajo s pomo\u010djo skupnega elektronskega sistema spremljanja (Jems).<\/strong><\/p>\n<h6>&nbsp;<\/h6>\n<p>Razpis je objavljen v vseh treh programskih jezikih (sloven\u0161\u010dini, hrva\u0161\u010dini in angle\u0161\u010dini). Razpis in razpisna dokumentacija v slovenskem jeziku so na voljo na slede\u010di povezavi:&nbsp;<\/p>\n<p>&#8211; <a href=\"http:\/\/www.si-hr.eu\/2127\/sl\/regular-projects\/\"><strong>Razpis in razpisna dokumentacija<\/strong><\/a><\/p>\n<\/div><\/section>\n","protected":false},"excerpt":{"rendered":"<p>Obve\u0161\u010damo vas, da sta bila danes, 24. marca 2023, v okviru Interreg Programa Slovenija-Hrva\u0161ka obdobja 2021-2027 v Uradnem listu Republike Slovenije in na spletni strani programa objavljena Javna razpisa za predlo\u017eitev vlog za standardne projekte.<\/p>\n","protected":false},"author":18,"featured_media":6838,"comment_status":"closed","ping_status":"open","sticky":false,"template":"","format":"standard","meta":{"ngg_post_thumbnail":0},"categories":[3,8],"tags":[],"acf":[],"_links":{"self":[{"href":"http:\/\/www.si-hr.eu\/si2\/wp-json\/wp\/v2\/posts\/6866"}],"collection":[{"href":"http:\/\/www.si-hr.eu\/si2\/wp-json\/wp\/v2\/posts"}],"about":[{"href":"http:\/\/www.si-hr.eu\/si2\/wp-json\/wp\/v2\/types\/post"}],"author":[{"embeddable":true,"href":"http:\/\/www.si-hr.eu\/si2\/wp-json\/wp\/v2\/users\/18"}],"replies":[{"embeddable":true,"href":"http:\/\/www.si-hr.eu\/si2\/wp-json\/wp\/v2\/comments?post=6866"}],"version-history":[{"count":5,"href":"http:\/\/www.si-hr.eu\/si2\/wp-json\/wp\/v2\/posts\/6866\/revisions"}],"predecessor-version":[{"id":6875,"href":"http:\/\/www.si-hr.eu\/si2\/wp-json\/wp\/v2\/posts\/6866\/revisions\/6875"}],"wp:featuredmedia":[{"embeddable":true,"href":"http:\/\/www.si-hr.eu\/si2\/wp-json\/wp\/v2\/media\/6838"}],"wp:attachment":[{"href":"http:\/\/www.si-hr.eu\/si2\/wp-json\/wp\/v2\/media?parent=6866"}],"wp:term":[{"taxonomy":"category","embeddable":true,"href":"http:\/\/www.si-hr.eu\/si2\/wp-json\/wp\/v2\/categories?post=6866"},{"taxonomy":"post_tag","embeddable":true,"href":"http:\/\/www.si-hr.eu\/si2\/wp-json\/wp\/v2\/tags?post=6866"}],"curies":[{"name":"wp","href":"https:\/\/api.w.org\/{rel}","templated":true}]}}