{"id":6914,"date":"2023-09-12T09:13:28","date_gmt":"2023-09-12T08:13:28","guid":{"rendered":"http:\/\/www.si-hr.eu\/si2\/?p=6914"},"modified":"2023-09-12T09:13:28","modified_gmt":"2023-09-12T08:13:28","slug":"vabilo-na-dan-interreg-sodelovanja-2023","status":"publish","type":"post","link":"http:\/\/www.si-hr.eu\/si2\/2023\/09\/12\/vabilo-na-dan-interreg-sodelovanja-2023\/","title":{"rendered":"Vabilo na Dan Interreg sodelovanja 2023"},"content":{"rendered":"<section  class='av_textblock_section av-2gb5im-02bb2f2392c63cce3670cc89b22b727c'  itemscope=\"itemscope\" itemtype=\"https:\/\/schema.org\/BlogPosting\" itemprop=\"blogPost\" ><div class='avia_textblock'  itemprop=\"text\" ><h2 class=\"entry-title fusion-post-title fusion-responsive-typography-calculated\" style=\"text-align: center;\" data-fontsize=\"32\" data-lineheight=\"41.6px\">Vabilo na Dan Interreg sodelovanja 2023<\/h2>\n<h6>&nbsp;<\/h6>\n<div class=\"post-content\">\n<div class=\"fusion-fullwidth fullwidth-box fusion-builder-row-1 fusion-flex-container nonhundred-percent-fullwidth non-hundred-percent-height-scrolling\">\n<div class=\"fusion-builder-row fusion-row fusion-flex-align-items-flex-start\">\n<div class=\"fusion-layout-column fusion_builder_column fusion-builder-column-0 fusion_builder_column_1_1 1_1 fusion-flex-column\">\n<div class=\"fusion-column-wrapper fusion-flex-justify-content-flex-start fusion-content-layout-column\">\n<div class=\"fusion-text fusion-text-1\">\n<p><img decoding=\"async\" loading=\"lazy\" class=\"aligncenter wp-image-3438 size-large\" src=\"http:\/\/www.si-hr.eu\/2127\/wp-content\/uploads\/sites\/103\/2023\/09\/cover-1024x768.png\" sizes=\"(max-width: 1024px) 100vw, 1024px\" srcset=\"http:\/\/www.si-hr.eu\/2127\/wp-content\/uploads\/sites\/103\/2023\/09\/cover-200x150.png 200w, http:\/\/www.si-hr.eu\/2127\/wp-content\/uploads\/sites\/103\/2023\/09\/cover-300x225.png 300w, http:\/\/www.si-hr.eu\/2127\/wp-content\/uploads\/sites\/103\/2023\/09\/cover-400x300.png 400w, http:\/\/www.si-hr.eu\/2127\/wp-content\/uploads\/sites\/103\/2023\/09\/cover-600x450.png 600w, http:\/\/www.si-hr.eu\/2127\/wp-content\/uploads\/sites\/103\/2023\/09\/cover-768x576.png 768w, http:\/\/www.si-hr.eu\/2127\/wp-content\/uploads\/sites\/103\/2023\/09\/cover-800x600.png 800w, http:\/\/www.si-hr.eu\/2127\/wp-content\/uploads\/sites\/103\/2023\/09\/cover-1024x768.png 1024w, http:\/\/www.si-hr.eu\/2127\/wp-content\/uploads\/sites\/103\/2023\/09\/cover-1200x901.png 1200w, http:\/\/www.si-hr.eu\/2127\/wp-content\/uploads\/sites\/103\/2023\/09\/cover-1536x1153.png 1536w, http:\/\/www.si-hr.eu\/2127\/wp-content\/uploads\/sites\/103\/2023\/09\/cover.png 1575w\" alt=\"\" width=\"1024\" height=\"768\"><\/p>\n<p>Program sodelovanja Slovenija-Hrva\u0161ka 2014-2020 vsako leto organizira Dan evropskega sodelovanja (European Cooperation Day \u2013 EC Day), od letos pa tovrsten dogodek poteka pod imenom Dan Interreg sodelovanja (Interreg Cooperation Day \u2013 IC Day). To je kampanja, ki je nastala na pobudo programa Interact in Evropske komisije in se obi\u010dajno odvija v mesecu septembru. Gre za \u017ee tradicionalni dogodek, ki ga organizira ve\u010dina Interreg programov v Evropi (prek 100) z namenom predstavitve rezultatov programov in projektov \u0161ir\u0161i javnosti, t.j. evropskim dr\u017eavljanom.<\/p>\n<h6>&nbsp;<\/h6>\n<p>Letos bomo, \u017ee dvanajsti\u010d zapored, praznovali dan sodelovanja. &nbsp;<strong>Dan Interreg sodelovanja 2023, <\/strong>z naslovom &nbsp;<strong>Evropsko leto ve\u0161\u010din \u2013 Temeljni postopki o\u017eivljanja z uporabo defibrilatorja<\/strong>, <strong>bomo izvedli skupaj s projekti IstraConnect, MAX AID in CRO-SI-SAFE<\/strong>, ki so bili sofinancirani v programskem obdobju 2014-2020.<\/p>\n<h6>&nbsp;<\/h6>\n<p><strong>Dogodek bo potekal v sredo, 20. septembra 2023, <\/strong><strong>v Umagu<\/strong>, na naslovu Trg 1. svibnja.<\/p>\n<h6>&nbsp;<\/h6>\n<p>\u0160tevilo udele\u017eencev je omejeno, zato se je na dogodek potrebno predhodno prijaviti.&nbsp;<\/p>\n<h6>&nbsp;<\/h6>\n<p><strong>Prijave zbiramo do 18. septembra 2023 oz. do zapolnitve mest preko spletnega obrazca.<\/strong><\/p>\n<h6>&nbsp;<\/h6>\n<p><a href=\"https:\/\/freeonlinesurveys.com\/s\/rR0fAjuL\">POVEZAVA DO PRIJAVE NA DOGODEK<\/a><\/p>\n<h6>&nbsp;<\/h6>\n<p><a href=\"http:\/\/www.si-hr.eu\/2127\/wp-content\/uploads\/sites\/103\/2023\/09\/Vabilo_pozivnica.pdf\">ZA OGLED VABILA KLIKNITE TUKAJ<\/a><\/p>\n<\/div>\n<\/div>\n<\/div>\n<\/div>\n<\/div>\n<\/div>\n<div class=\"fusion-column-wrapper fusion-flex-justify-content-flex-start fusion-content-layout-column\">\n<div class=\"fusion-text fusion-text-1\">&nbsp;<\/div>\n<\/div>\n<\/div><\/section>\n","protected":false},"excerpt":{"rendered":"<p>Dan Interreg sodelovanja 2023, z naslovom  Evropsko leto ve\u0161\u010din \u2013 Temeljni postopki o\u017eivljanja z uporabo defibrilatorja&#8230;<\/p>\n","protected":false},"author":18,"featured_media":6915,"comment_status":"closed","ping_status":"open","sticky":false,"template":"","format":"standard","meta":{"ngg_post_thumbnail":0},"categories":[3,8],"tags":[],"acf":[],"_links":{"self":[{"href":"http:\/\/www.si-hr.eu\/si2\/wp-json\/wp\/v2\/posts\/6914"}],"collection":[{"href":"http:\/\/www.si-hr.eu\/si2\/wp-json\/wp\/v2\/posts"}],"about":[{"href":"http:\/\/www.si-hr.eu\/si2\/wp-json\/wp\/v2\/types\/post"}],"author":[{"embeddable":true,"href":"http:\/\/www.si-hr.eu\/si2\/wp-json\/wp\/v2\/users\/18"}],"replies":[{"embeddable":true,"href":"http:\/\/www.si-hr.eu\/si2\/wp-json\/wp\/v2\/comments?post=6914"}],"version-history":[{"count":2,"href":"http:\/\/www.si-hr.eu\/si2\/wp-json\/wp\/v2\/posts\/6914\/revisions"}],"predecessor-version":[{"id":6917,"href":"http:\/\/www.si-hr.eu\/si2\/wp-json\/wp\/v2\/posts\/6914\/revisions\/6917"}],"wp:featuredmedia":[{"embeddable":true,"href":"http:\/\/www.si-hr.eu\/si2\/wp-json\/wp\/v2\/media\/6915"}],"wp:attachment":[{"href":"http:\/\/www.si-hr.eu\/si2\/wp-json\/wp\/v2\/media?parent=6914"}],"wp:term":[{"taxonomy":"category","embeddable":true,"href":"http:\/\/www.si-hr.eu\/si2\/wp-json\/wp\/v2\/categories?post=6914"},{"taxonomy":"post_tag","embeddable":true,"href":"http:\/\/www.si-hr.eu\/si2\/wp-json\/wp\/v2\/tags?post=6914"}],"curies":[{"name":"wp","href":"https:\/\/api.w.org\/{rel}","templated":true}]}}