{"id":6918,"date":"2023-09-29T10:38:19","date_gmt":"2023-09-29T09:38:19","guid":{"rendered":"http:\/\/www.si-hr.eu\/si2\/?p=6918"},"modified":"2023-09-29T10:38:19","modified_gmt":"2023-09-29T09:38:19","slug":"dan-interreg-sodelovanja-obelezen-s-predstavitvijo-temeljnih-postopkov-ozivljanja-z-uporabo-defibrilatorja","status":"publish","type":"post","link":"http:\/\/www.si-hr.eu\/si2\/2023\/09\/29\/dan-interreg-sodelovanja-obelezen-s-predstavitvijo-temeljnih-postopkov-ozivljanja-z-uporabo-defibrilatorja\/","title":{"rendered":"Dan Interreg sodelovanja obele\u017een s predstavitvijo temeljnih postopkov o\u017eivljanja z uporabo defibrilatorja"},"content":{"rendered":"<section  class='av_textblock_section av-2gb5im-02bb2f2392c63cce3670cc89b22b727c'  itemscope=\"itemscope\" itemtype=\"https:\/\/schema.org\/BlogPosting\" itemprop=\"blogPost\" ><div class='avia_textblock'  itemprop=\"text\" ><h2 class=\"entry-title fusion-post-title fusion-responsive-typography-calculated\" style=\"text-align: center;\" data-fontsize=\"32\" data-lineheight=\"41.6px\">Dan Interreg sodelovanja obele\u017een s predstavitvijo temeljnih postopkov o\u017eivljanja z uporabo defibrilatorja<\/h2>\n<h6>&nbsp;<\/h6>\n<div class=\"post-content\">\n<div class=\"fusion-fullwidth fullwidth-box fusion-builder-row-1 fusion-flex-container nonhundred-percent-fullwidth non-hundred-percent-height-scrolling\">\n<div class=\"fusion-builder-row fusion-row fusion-flex-align-items-flex-start\">\n<div class=\"fusion-layout-column fusion_builder_column fusion-builder-column-0 fusion_builder_column_1_1 1_1 fusion-flex-column\">\n<div class=\"fusion-column-wrapper fusion-flex-justify-content-flex-start fusion-content-layout-column\">\n<div class=\"fusion-text fusion-text-1\">\n<p><u>Umag, 20. september 2023<\/u> \u2013 V sklopu praznovanja Dneva Interreg sodelovanja evropskega leta ve\u0161\u010din, je Umag gostil osrednji dogodek Interreg Programa sodelovanja Slovenija-Hrva\u0161ka 2014-2020, namenjen predstavitvi zadnjih treh projektov programskega obdobja 2014-2020 s temo ozave\u0161\u010danja in promocijo temeljnih postopkov o\u017eivljanja z uporabo defibrilatorja. <strong>Predstavljeni projekti MAX AID, CRO-SI-SAFE in IstraConnect<\/strong> so prikazali primere projektov \u010dezmejnega sodelovanja s podro\u010dja re\u0161evanja in trajnostne mobilnosti.<strong> Dogodka sta se udele\u017eila tudi ministra Republike Slovenije in Republike Hrva\u0161ke, pristojna za kohezijsko politiko, dr. Aleksander Jev\u0161ek in \u0160ime Erli\u0107.<\/strong><\/p>\n<h6>&nbsp;<\/h6>\n<p>Ob uvodnih pozdravih <strong>\u017eupana Mesta Umag Vilija Bassaneseja<\/strong> in <strong>vodje organa upravljanja Ale\u0161a Mrkele<\/strong> je v uvodnem nagovoru minister za kohezijo in regionalni razvoj Republike Slovenije <strong>dr. Aleksander Jev\u0161ek<\/strong> poudaril, da je bistvo Interreg programov \u010dezmejno sodelovanje. In pomen \u010dezmejnega sodelovanja ter dobrih medsosedskih odnosov smo lahko videli ob nedavnih katastrofalnih poplavah, ki so prizadele Slovenijo. V imenu slovenske vlade in svojem imenu se je zahvalil hrva\u0161ki vladi in ministru Erli\u0107u za vso pomo\u010d in izkazano solidarnost ob nedavni naravni katastrofi.<\/p>\n<h6>&nbsp;<\/h6>\n<p>\u010cezmejni Interreg program Slovenija-Hrva\u0161ka, katerega Organ upravljanja je Ministrstvo za kohezijo in regionalni razvoj Republike Slovenije, je bil v obdobju 2014-2020 namenjen razvoju trajnostnega, varnega in \u017eivahnega obmejnega obmo\u010dja.<\/p>\n<h6>&nbsp;<\/h6>\n<p>\u201cOdobrenih in zaklju\u010denih je bilo 41 \u010dezmejnih projektov, ki so rezultat povezovanja ve\u010d kot 250 hrva\u0161kih in slovenskih partnerjev. To dokazuje, da je s sodelovanjem in usklajenimi aktivnostmi pri re\u0161evanju skupnih izzivov mo\u010d dose\u010di bolj\u0161e rezultate in trajnostne u\u010dinke, ki presegajo dr\u017eavne meje,\u201d je povedal minister Jev\u0161ek.<\/p>\n<h6>&nbsp;<\/h6>\n<p><strong>Hrva\u0161ki minister regionalnega razvoja in skladov EU \u0160ime Erli\u0107<\/strong> je izpostavil, da z Interregom dokazujemo, da ni meja, ko gre za skupno sodelovanje, za re\u0161evanje skupnih te\u017eav obeh dr\u017eav in enot lokalne samouprave ter razli\u010dnih partnerskih in\u0161titucij.<\/p>\n<h6>&nbsp;<\/h6>\n<p>\u00bbPrek Interrega smo prav tukaj v Istri razvili izjemno, specifi\u010dno sodelovanje na podro\u010dju nujne zdravstvene pomo\u010di, kjer so ustvarjeni predpogoji za podpis pogodb in omogo\u010danje prevoza \u017eivljenjsko ogro\u017eenih pacientov v Splo\u0161no bolni\u0161nico Izola, ki je izjemno pomembna za lokalno prebivalstvo. Prav projekt Interreg je bil osnova za izvedbo formalno-pravnih aktivnosti v smeri zastavljenega cilja in tudi dokaz, kako projekti Interreg prispevajo k izbolj\u0161anju kakovosti splo\u0161nih \u017eivljenjskih razmer, in to v zelo zahtevnih vpra\u0161anjih, kot je \u010dlove\u0161ko \u017eivljenje,\u00ab je povedal minister Erli\u0107.<\/p>\n<h6>&nbsp;<\/h6>\n<p>Ob koncu nagovora je predlagal, da se bodo\u010da tematika strate\u0161kih projektov Slovenije in Hrva\u0161ke navezuje na re\u0161evanje vse pogostej\u0161ih te\u017eav, ki jih povzro\u010dajo podnebne spremembe, s katerimi se v zadnjem \u010dasu vse pogosteje soo\u010data obe dr\u017eavi.<\/p>\n<h6>&nbsp;<\/h6>\n<p>Evropsko leto ve\u0161\u010din postavlja poudarek na pomenu znanj in ve\u0161\u010din, ki lahko re\u0161ujejo \u017eivljenja v kriti\u010dnih trenutkih. Dogodek v Umagu je zdru\u017eil strokovnjake s podro\u010dja zdravstva, re\u0161evalce ter \u0161ir\u0161o skupnost z namenom izobra\u017eevanja in usposabljanja v osnovnih postopkih o\u017eivljanja. Gostje so imeli prilo\u017enost:&nbsp;<\/p>\n<p>\u2013 se seznaniti z najnovej\u0161imi dose\u017eki na podro\u010dju re\u0161evanja \u017eivljenj v sodelovanju s strokovnjaki iz projekta MAX AID in CRO-SI-SAFE,<\/p>\n<p>\u2013 sodelovati v prakti\u010dnih delavnicah, kjer so se nau\u010dili osnovnih postopkov o\u017eivljanja in uporabe defibrilatorja,<\/p>\n<p>\u2013 razpravljati o pomenu sodelovanja pri zagotavljanju varnosti in zdravja v lokalnih skupnostih.&nbsp;<\/p>\n<h6>&nbsp;<\/h6>\n<p>Dogodek je prina\u0161al sporo\u010dilo upanja in solidarnosti, saj je poudarjal, da smo skupaj mo\u010dnej\u0161i. Vsakdo lahko postane junak v \u017eivljenjsko pomembnih trenutkih, \u010de pozna temeljne postopke o\u017eivljanja.<\/p>\n<h6>&nbsp;<\/h6>\n<p>Sve\u010danost so v okviru kulturno-zabavnega programa obogatile \u010dlanice zbora Slovenskega kulturnega dru\u0161tva \u201eAjda\u201c iz Umaga.<\/p>\n<h6>&nbsp;<\/h6>\n<p>Organizatorji so hvale\u017eni vsem sodelujo\u010dim, ki so prispevali k uspehu tega pomembnega dogodka.<\/p>\n<h6>&nbsp;<\/h6>\n<p>Skupaj gradimo bolj varno in zdravo prihodnost!<\/p>\n<\/div>\n<\/div>\n<\/div>\n<\/div>\n<\/div>\n<\/div>\n<\/div><\/section>\n<div  class='avia-video av-ln4epe6v-a02c4cae4a3a0fcbc0d73e73352620a1 avia-video-16-9 av-lazyload-immediate av-lazyload-video-embed'  itemprop=\"video\" itemtype=\"https:\/\/schema.org\/VideoObject\"  data-original_url='https:\/\/www.youtube.com\/watch?v=GE_6WaXFoEM'><script type='text\/html' class='av-video-tmpl'><div class='avia-iframe-wrap'><iframe title=\"IC DAY 2023 Interreg Slovenia Croatia\" width=\"1500\" height=\"844\" src=\"https:\/\/www.youtube.com\/embed\/GE_6WaXFoEM?feature=oembed&autoplay=0&loop=0&controls=1&mute=0\" frameborder=\"0\" allow=\"accelerometer; autoplay; clipboard-write; encrypted-media; gyroscope; picture-in-picture; web-share\" allowfullscreen><\/iframe><\/div><\/script><div class='av-click-to-play-overlay'><div class=\"avia_playpause_icon\"><\/div><\/div><\/div>\n\n<style type=\"text\/css\" data-created_by=\"avia_inline_auto\" id=\"style-css-av-ln4euvgf-911b92b0660307b93bd7a8bd21786148\">\n#top .avia-gallery.av-ln4euvgf-911b92b0660307b93bd7a8bd21786148 .avia-gallery-thumb a{\nwidth:20%;\n}\n<\/style>\n<div  class='avia-gallery av-ln4euvgf-911b92b0660307b93bd7a8bd21786148 avia_animate_when_visible  avia-builder-el-2  el_after_av_video  avia-builder-el-last  avia_lazyload avia-gallery-animate avia-gallery-1'  itemprop=\"image\" itemscope=\"itemscope\" itemtype=\"https:\/\/schema.org\/ImageObject\" ><div class='avia-gallery-thumb'> <a href=\"http:\/\/www.si-hr.eu\/si2\/wp-content\/uploads\/sites\/14\/2023\/09\/1.-IMG_9157-1030x773.jpg\" data-srcset=\"http:\/\/www.si-hr.eu\/si2\/wp-content\/uploads\/sites\/14\/2023\/09\/1.-IMG_9157-1030x773.jpg 1030w, http:\/\/www.si-hr.eu\/si2\/wp-content\/uploads\/sites\/14\/2023\/09\/1.-IMG_9157-300x225.jpg 300w, http:\/\/www.si-hr.eu\/si2\/wp-content\/uploads\/sites\/14\/2023\/09\/1.-IMG_9157-768x576.jpg 768w, http:\/\/www.si-hr.eu\/si2\/wp-content\/uploads\/sites\/14\/2023\/09\/1.-IMG_9157-600x450.jpg 600w, http:\/\/www.si-hr.eu\/si2\/wp-content\/uploads\/sites\/14\/2023\/09\/1.-IMG_9157-1536x1152.jpg 1536w, http:\/\/www.si-hr.eu\/si2\/wp-content\/uploads\/sites\/14\/2023\/09\/1.-IMG_9157-2048x1536.jpg 2048w, http:\/\/www.si-hr.eu\/si2\/wp-content\/uploads\/sites\/14\/2023\/09\/1.-IMG_9157-1500x1125.jpg 1500w, http:\/\/www.si-hr.eu\/si2\/wp-content\/uploads\/sites\/14\/2023\/09\/1.-IMG_9157-705x529.jpg 705w\" data-sizes=\"(max-width: 1030px) 100vw, 1030px\" data-rel='gallery-1' data-prev-img='http:\/\/www.si-hr.eu\/si2\/wp-content\/uploads\/sites\/14\/2023\/09\/1.-IMG_9157-495x400.jpg' class='first_thumb lightbox ' data-onclick='1' title='1. IMG_9157'  itemprop=\"thumbnailUrl\"  ><img decoding=\"async\" class=\"wp-image-6919 avia-img-lazy-loading-not-6919\"   src=\"http:\/\/www.si-hr.eu\/si2\/wp-content\/uploads\/sites\/14\/2023\/09\/1.-IMG_9157-495x400.jpg\" width=\"495\" height=\"400\"  title='1. IMG_9157' alt='' srcset=\"http:\/\/www.si-hr.eu\/si2\/wp-content\/uploads\/sites\/14\/2023\/09\/1.-IMG_9157-495x400.jpg 495w, http:\/\/www.si-hr.eu\/si2\/wp-content\/uploads\/sites\/14\/2023\/09\/1.-IMG_9157-845x684.jpg 845w\" sizes=\"(max-width: 495px) 100vw, 495px\" \/><\/a> <a href=\"http:\/\/www.si-hr.eu\/si2\/wp-content\/uploads\/sites\/14\/2023\/09\/2.-Interreg-Umag-2028-9.jpg\" data-srcset=\"http:\/\/www.si-hr.eu\/si2\/wp-content\/uploads\/sites\/14\/2023\/09\/2.-Interreg-Umag-2028-9.jpg 960w, http:\/\/www.si-hr.eu\/si2\/wp-content\/uploads\/sites\/14\/2023\/09\/2.-Interreg-Umag-2028-9-300x225.jpg 300w, http:\/\/www.si-hr.eu\/si2\/wp-content\/uploads\/sites\/14\/2023\/09\/2.-Interreg-Umag-2028-9-768x576.jpg 768w, http:\/\/www.si-hr.eu\/si2\/wp-content\/uploads\/sites\/14\/2023\/09\/2.-Interreg-Umag-2028-9-600x450.jpg 600w, http:\/\/www.si-hr.eu\/si2\/wp-content\/uploads\/sites\/14\/2023\/09\/2.-Interreg-Umag-2028-9-705x529.jpg 705w\" data-sizes=\"(max-width: 960px) 100vw, 960px\" data-rel='gallery-1' data-prev-img='http:\/\/www.si-hr.eu\/si2\/wp-content\/uploads\/sites\/14\/2023\/09\/2.-Interreg-Umag-2028-9-495x400.jpg' class='lightbox ' data-onclick='2' title='2. Interreg-Umag-2028 (9)'  itemprop=\"thumbnailUrl\"  ><img decoding=\"async\" class=\"wp-image-6920 avia-img-lazy-loading-not-6920\"   src=\"http:\/\/www.si-hr.eu\/si2\/wp-content\/uploads\/sites\/14\/2023\/09\/2.-Interreg-Umag-2028-9-495x400.jpg\" width=\"495\" height=\"400\"  title='2. Interreg-Umag-2028 (9)' alt='' srcset=\"http:\/\/www.si-hr.eu\/si2\/wp-content\/uploads\/sites\/14\/2023\/09\/2.-Interreg-Umag-2028-9-495x400.jpg 495w, http:\/\/www.si-hr.eu\/si2\/wp-content\/uploads\/sites\/14\/2023\/09\/2.-Interreg-Umag-2028-9-845x684.jpg 845w\" sizes=\"(max-width: 495px) 100vw, 495px\" \/><\/a> <a href=\"http:\/\/www.si-hr.eu\/si2\/wp-content\/uploads\/sites\/14\/2023\/09\/3.-Interreg-Umag-2028-1-1030x773.jpg\" data-srcset=\"http:\/\/www.si-hr.eu\/si2\/wp-content\/uploads\/sites\/14\/2023\/09\/3.-Interreg-Umag-2028-1-1030x773.jpg 1030w, http:\/\/www.si-hr.eu\/si2\/wp-content\/uploads\/sites\/14\/2023\/09\/3.-Interreg-Umag-2028-1-300x225.jpg 300w, http:\/\/www.si-hr.eu\/si2\/wp-content\/uploads\/sites\/14\/2023\/09\/3.-Interreg-Umag-2028-1-768x576.jpg 768w, http:\/\/www.si-hr.eu\/si2\/wp-content\/uploads\/sites\/14\/2023\/09\/3.-Interreg-Umag-2028-1-600x450.jpg 600w, http:\/\/www.si-hr.eu\/si2\/wp-content\/uploads\/sites\/14\/2023\/09\/3.-Interreg-Umag-2028-1-705x529.jpg 705w, http:\/\/www.si-hr.eu\/si2\/wp-content\/uploads\/sites\/14\/2023\/09\/3.-Interreg-Umag-2028-1.jpg 1280w\" data-sizes=\"(max-width: 1030px) 100vw, 1030px\" data-rel='gallery-1' data-prev-img='http:\/\/www.si-hr.eu\/si2\/wp-content\/uploads\/sites\/14\/2023\/09\/3.-Interreg-Umag-2028-1-495x400.jpg' class='lightbox ' data-onclick='3' title='3. Interreg-Umag-2028 (1)'  itemprop=\"thumbnailUrl\"  ><img decoding=\"async\" class=\"wp-image-6921 avia-img-lazy-loading-not-6921\"   src=\"http:\/\/www.si-hr.eu\/si2\/wp-content\/uploads\/sites\/14\/2023\/09\/3.-Interreg-Umag-2028-1-495x400.jpg\" width=\"495\" height=\"400\"  title='3. Interreg-Umag-2028 (1)' alt='' srcset=\"http:\/\/www.si-hr.eu\/si2\/wp-content\/uploads\/sites\/14\/2023\/09\/3.-Interreg-Umag-2028-1-495x400.jpg 495w, http:\/\/www.si-hr.eu\/si2\/wp-content\/uploads\/sites\/14\/2023\/09\/3.-Interreg-Umag-2028-1-845x684.jpg 845w\" sizes=\"(max-width: 495px) 100vw, 495px\" \/><\/a> <a href=\"http:\/\/www.si-hr.eu\/si2\/wp-content\/uploads\/sites\/14\/2023\/09\/4.-Interreg-Umag-2028-2.jpg\" data-srcset=\"http:\/\/www.si-hr.eu\/si2\/wp-content\/uploads\/sites\/14\/2023\/09\/4.-Interreg-Umag-2028-2.jpg 960w, http:\/\/www.si-hr.eu\/si2\/wp-content\/uploads\/sites\/14\/2023\/09\/4.-Interreg-Umag-2028-2-300x225.jpg 300w, http:\/\/www.si-hr.eu\/si2\/wp-content\/uploads\/sites\/14\/2023\/09\/4.-Interreg-Umag-2028-2-768x576.jpg 768w, http:\/\/www.si-hr.eu\/si2\/wp-content\/uploads\/sites\/14\/2023\/09\/4.-Interreg-Umag-2028-2-600x450.jpg 600w, http:\/\/www.si-hr.eu\/si2\/wp-content\/uploads\/sites\/14\/2023\/09\/4.-Interreg-Umag-2028-2-705x529.jpg 705w\" data-sizes=\"(max-width: 960px) 100vw, 960px\" data-rel='gallery-1' data-prev-img='http:\/\/www.si-hr.eu\/si2\/wp-content\/uploads\/sites\/14\/2023\/09\/4.-Interreg-Umag-2028-2-495x400.jpg' class='lightbox ' data-onclick='4' title='4. Interreg-Umag-2028 (2)'  itemprop=\"thumbnailUrl\"  ><img decoding=\"async\" class=\"wp-image-6922 avia-img-lazy-loading-not-6922\"   src=\"http:\/\/www.si-hr.eu\/si2\/wp-content\/uploads\/sites\/14\/2023\/09\/4.-Interreg-Umag-2028-2-495x400.jpg\" width=\"495\" height=\"400\"  title='4. Interreg-Umag-2028 (2)' alt='' srcset=\"http:\/\/www.si-hr.eu\/si2\/wp-content\/uploads\/sites\/14\/2023\/09\/4.-Interreg-Umag-2028-2-495x400.jpg 495w, http:\/\/www.si-hr.eu\/si2\/wp-content\/uploads\/sites\/14\/2023\/09\/4.-Interreg-Umag-2028-2-845x684.jpg 845w\" sizes=\"(max-width: 495px) 100vw, 495px\" \/><\/a> <a href=\"http:\/\/www.si-hr.eu\/si2\/wp-content\/uploads\/sites\/14\/2023\/09\/5.-IMG_9160-1030x773.jpg\" data-srcset=\"http:\/\/www.si-hr.eu\/si2\/wp-content\/uploads\/sites\/14\/2023\/09\/5.-IMG_9160-1030x773.jpg 1030w, http:\/\/www.si-hr.eu\/si2\/wp-content\/uploads\/sites\/14\/2023\/09\/5.-IMG_9160-300x225.jpg 300w, http:\/\/www.si-hr.eu\/si2\/wp-content\/uploads\/sites\/14\/2023\/09\/5.-IMG_9160-768x576.jpg 768w, http:\/\/www.si-hr.eu\/si2\/wp-content\/uploads\/sites\/14\/2023\/09\/5.-IMG_9160-600x450.jpg 600w, http:\/\/www.si-hr.eu\/si2\/wp-content\/uploads\/sites\/14\/2023\/09\/5.-IMG_9160-1536x1152.jpg 1536w, http:\/\/www.si-hr.eu\/si2\/wp-content\/uploads\/sites\/14\/2023\/09\/5.-IMG_9160-2048x1536.jpg 2048w, http:\/\/www.si-hr.eu\/si2\/wp-content\/uploads\/sites\/14\/2023\/09\/5.-IMG_9160-1500x1125.jpg 1500w, http:\/\/www.si-hr.eu\/si2\/wp-content\/uploads\/sites\/14\/2023\/09\/5.-IMG_9160-705x529.jpg 705w\" data-sizes=\"(max-width: 1030px) 100vw, 1030px\" data-rel='gallery-1' data-prev-img='http:\/\/www.si-hr.eu\/si2\/wp-content\/uploads\/sites\/14\/2023\/09\/5.-IMG_9160-495x400.jpg' class='lightbox ' data-onclick='5' title='5. IMG_9160'  itemprop=\"thumbnailUrl\"  ><img decoding=\"async\" class=\"wp-image-6923 avia-img-lazy-loading-not-6923\"   src=\"http:\/\/www.si-hr.eu\/si2\/wp-content\/uploads\/sites\/14\/2023\/09\/5.-IMG_9160-495x400.jpg\" width=\"495\" height=\"400\"  title='5. IMG_9160' alt='' srcset=\"http:\/\/www.si-hr.eu\/si2\/wp-content\/uploads\/sites\/14\/2023\/09\/5.-IMG_9160-495x400.jpg 495w, http:\/\/www.si-hr.eu\/si2\/wp-content\/uploads\/sites\/14\/2023\/09\/5.-IMG_9160-845x684.jpg 845w\" sizes=\"(max-width: 495px) 100vw, 495px\" \/><\/a> <a href=\"http:\/\/www.si-hr.eu\/si2\/wp-content\/uploads\/sites\/14\/2023\/09\/6.-IMG_9162-1030x773.jpg\" data-srcset=\"http:\/\/www.si-hr.eu\/si2\/wp-content\/uploads\/sites\/14\/2023\/09\/6.-IMG_9162-1030x773.jpg 1030w, http:\/\/www.si-hr.eu\/si2\/wp-content\/uploads\/sites\/14\/2023\/09\/6.-IMG_9162-300x225.jpg 300w, http:\/\/www.si-hr.eu\/si2\/wp-content\/uploads\/sites\/14\/2023\/09\/6.-IMG_9162-768x576.jpg 768w, http:\/\/www.si-hr.eu\/si2\/wp-content\/uploads\/sites\/14\/2023\/09\/6.-IMG_9162-600x450.jpg 600w, http:\/\/www.si-hr.eu\/si2\/wp-content\/uploads\/sites\/14\/2023\/09\/6.-IMG_9162-1536x1152.jpg 1536w, http:\/\/www.si-hr.eu\/si2\/wp-content\/uploads\/sites\/14\/2023\/09\/6.-IMG_9162-2048x1536.jpg 2048w, http:\/\/www.si-hr.eu\/si2\/wp-content\/uploads\/sites\/14\/2023\/09\/6.-IMG_9162-1500x1125.jpg 1500w, http:\/\/www.si-hr.eu\/si2\/wp-content\/uploads\/sites\/14\/2023\/09\/6.-IMG_9162-705x529.jpg 705w\" data-sizes=\"(max-width: 1030px) 100vw, 1030px\" data-rel='gallery-1' data-prev-img='http:\/\/www.si-hr.eu\/si2\/wp-content\/uploads\/sites\/14\/2023\/09\/6.-IMG_9162-495x400.jpg' class='first_thumb lightbox ' data-onclick='6' title='6. IMG_9162'  itemprop=\"thumbnailUrl\"  ><img decoding=\"async\" class=\"wp-image-6924 avia-img-lazy-loading-not-6924\"   src=\"http:\/\/www.si-hr.eu\/si2\/wp-content\/uploads\/sites\/14\/2023\/09\/6.-IMG_9162-495x400.jpg\" width=\"495\" height=\"400\"  title='6. IMG_9162' alt='' srcset=\"http:\/\/www.si-hr.eu\/si2\/wp-content\/uploads\/sites\/14\/2023\/09\/6.-IMG_9162-495x400.jpg 495w, http:\/\/www.si-hr.eu\/si2\/wp-content\/uploads\/sites\/14\/2023\/09\/6.-IMG_9162-845x684.jpg 845w\" sizes=\"(max-width: 495px) 100vw, 495px\" \/><\/a> <a href=\"http:\/\/www.si-hr.eu\/si2\/wp-content\/uploads\/sites\/14\/2023\/09\/7.-IMG_9164-1030x773.jpg\" data-srcset=\"http:\/\/www.si-hr.eu\/si2\/wp-content\/uploads\/sites\/14\/2023\/09\/7.-IMG_9164-1030x773.jpg 1030w, http:\/\/www.si-hr.eu\/si2\/wp-content\/uploads\/sites\/14\/2023\/09\/7.-IMG_9164-300x225.jpg 300w, http:\/\/www.si-hr.eu\/si2\/wp-content\/uploads\/sites\/14\/2023\/09\/7.-IMG_9164-768x576.jpg 768w, http:\/\/www.si-hr.eu\/si2\/wp-content\/uploads\/sites\/14\/2023\/09\/7.-IMG_9164-600x450.jpg 600w, http:\/\/www.si-hr.eu\/si2\/wp-content\/uploads\/sites\/14\/2023\/09\/7.-IMG_9164-1536x1152.jpg 1536w, http:\/\/www.si-hr.eu\/si2\/wp-content\/uploads\/sites\/14\/2023\/09\/7.-IMG_9164-2048x1536.jpg 2048w, http:\/\/www.si-hr.eu\/si2\/wp-content\/uploads\/sites\/14\/2023\/09\/7.-IMG_9164-1500x1125.jpg 1500w, http:\/\/www.si-hr.eu\/si2\/wp-content\/uploads\/sites\/14\/2023\/09\/7.-IMG_9164-705x529.jpg 705w\" data-sizes=\"(max-width: 1030px) 100vw, 1030px\" data-rel='gallery-1' data-prev-img='http:\/\/www.si-hr.eu\/si2\/wp-content\/uploads\/sites\/14\/2023\/09\/7.-IMG_9164-495x400.jpg' class='lightbox ' data-onclick='7' title='7. IMG_9164'  itemprop=\"thumbnailUrl\"  ><img decoding=\"async\" class=\"wp-image-6925 avia-img-lazy-loading-not-6925\"   src=\"http:\/\/www.si-hr.eu\/si2\/wp-content\/uploads\/sites\/14\/2023\/09\/7.-IMG_9164-495x400.jpg\" width=\"495\" height=\"400\"  title='7. IMG_9164' alt='' srcset=\"http:\/\/www.si-hr.eu\/si2\/wp-content\/uploads\/sites\/14\/2023\/09\/7.-IMG_9164-495x400.jpg 495w, http:\/\/www.si-hr.eu\/si2\/wp-content\/uploads\/sites\/14\/2023\/09\/7.-IMG_9164-845x684.jpg 845w\" sizes=\"(max-width: 495px) 100vw, 495px\" \/><\/a> <a href=\"http:\/\/www.si-hr.eu\/si2\/wp-content\/uploads\/sites\/14\/2023\/09\/8.-Biljana-Kovac_6372-1030x687.jpg\" data-srcset=\"http:\/\/www.si-hr.eu\/si2\/wp-content\/uploads\/sites\/14\/2023\/09\/8.-Biljana-Kovac_6372-1030x687.jpg 1030w, http:\/\/www.si-hr.eu\/si2\/wp-content\/uploads\/sites\/14\/2023\/09\/8.-Biljana-Kovac_6372-300x200.jpg 300w, http:\/\/www.si-hr.eu\/si2\/wp-content\/uploads\/sites\/14\/2023\/09\/8.-Biljana-Kovac_6372-768x512.jpg 768w, http:\/\/www.si-hr.eu\/si2\/wp-content\/uploads\/sites\/14\/2023\/09\/8.-Biljana-Kovac_6372-600x400.jpg 600w, http:\/\/www.si-hr.eu\/si2\/wp-content\/uploads\/sites\/14\/2023\/09\/8.-Biljana-Kovac_6372-1536x1024.jpg 1536w, http:\/\/www.si-hr.eu\/si2\/wp-content\/uploads\/sites\/14\/2023\/09\/8.-Biljana-Kovac_6372-1500x1000.jpg 1500w, http:\/\/www.si-hr.eu\/si2\/wp-content\/uploads\/sites\/14\/2023\/09\/8.-Biljana-Kovac_6372-705x470.jpg 705w, http:\/\/www.si-hr.eu\/si2\/wp-content\/uploads\/sites\/14\/2023\/09\/8.-Biljana-Kovac_6372.jpg 1620w\" data-sizes=\"(max-width: 1030px) 100vw, 1030px\" data-rel='gallery-1' data-prev-img='http:\/\/www.si-hr.eu\/si2\/wp-content\/uploads\/sites\/14\/2023\/09\/8.-Biljana-Kovac_6372-495x400.jpg' class='lightbox ' data-onclick='8' title='8. Biljana Kova\u010d_6372'  itemprop=\"thumbnailUrl\"  ><img decoding=\"async\" class=\"wp-image-6926 avia-img-lazy-loading-not-6926\"   src=\"http:\/\/www.si-hr.eu\/si2\/wp-content\/uploads\/sites\/14\/2023\/09\/8.-Biljana-Kovac_6372-495x400.jpg\" width=\"495\" height=\"400\"  title='8. Biljana Kova\u010d_6372' alt='' srcset=\"http:\/\/www.si-hr.eu\/si2\/wp-content\/uploads\/sites\/14\/2023\/09\/8.-Biljana-Kovac_6372-495x400.jpg 495w, http:\/\/www.si-hr.eu\/si2\/wp-content\/uploads\/sites\/14\/2023\/09\/8.-Biljana-Kovac_6372-845x684.jpg 845w\" sizes=\"(max-width: 495px) 100vw, 495px\" \/><\/a> <a href=\"http:\/\/www.si-hr.eu\/si2\/wp-content\/uploads\/sites\/14\/2023\/09\/9.-Biljana-Kovac_6368-1030x687.jpg\" data-srcset=\"http:\/\/www.si-hr.eu\/si2\/wp-content\/uploads\/sites\/14\/2023\/09\/9.-Biljana-Kovac_6368-1030x687.jpg 1030w, http:\/\/www.si-hr.eu\/si2\/wp-content\/uploads\/sites\/14\/2023\/09\/9.-Biljana-Kovac_6368-300x200.jpg 300w, http:\/\/www.si-hr.eu\/si2\/wp-content\/uploads\/sites\/14\/2023\/09\/9.-Biljana-Kovac_6368-768x512.jpg 768w, http:\/\/www.si-hr.eu\/si2\/wp-content\/uploads\/sites\/14\/2023\/09\/9.-Biljana-Kovac_6368-600x400.jpg 600w, http:\/\/www.si-hr.eu\/si2\/wp-content\/uploads\/sites\/14\/2023\/09\/9.-Biljana-Kovac_6368-1536x1024.jpg 1536w, http:\/\/www.si-hr.eu\/si2\/wp-content\/uploads\/sites\/14\/2023\/09\/9.-Biljana-Kovac_6368-1500x1000.jpg 1500w, http:\/\/www.si-hr.eu\/si2\/wp-content\/uploads\/sites\/14\/2023\/09\/9.-Biljana-Kovac_6368-705x470.jpg 705w, http:\/\/www.si-hr.eu\/si2\/wp-content\/uploads\/sites\/14\/2023\/09\/9.-Biljana-Kovac_6368.jpg 1620w\" data-sizes=\"(max-width: 1030px) 100vw, 1030px\" data-rel='gallery-1' data-prev-img='http:\/\/www.si-hr.eu\/si2\/wp-content\/uploads\/sites\/14\/2023\/09\/9.-Biljana-Kovac_6368-495x400.jpg' class='lightbox ' data-onclick='9' title='9. Biljana Kova\u010d_6368'  itemprop=\"thumbnailUrl\"  ><img decoding=\"async\" class=\"wp-image-6927 avia-img-lazy-loading-not-6927\"   src=\"http:\/\/www.si-hr.eu\/si2\/wp-content\/uploads\/sites\/14\/2023\/09\/9.-Biljana-Kovac_6368-495x400.jpg\" width=\"495\" height=\"400\"  title='9. Biljana Kova\u010d_6368' alt='' srcset=\"http:\/\/www.si-hr.eu\/si2\/wp-content\/uploads\/sites\/14\/2023\/09\/9.-Biljana-Kovac_6368-495x400.jpg 495w, http:\/\/www.si-hr.eu\/si2\/wp-content\/uploads\/sites\/14\/2023\/09\/9.-Biljana-Kovac_6368-845x684.jpg 845w\" sizes=\"(max-width: 495px) 100vw, 495px\" \/><\/a> <a href=\"http:\/\/www.si-hr.eu\/si2\/wp-content\/uploads\/sites\/14\/2023\/09\/10.-Biljana-Kovac_6475-1030x687.jpg\" data-srcset=\"http:\/\/www.si-hr.eu\/si2\/wp-content\/uploads\/sites\/14\/2023\/09\/10.-Biljana-Kovac_6475-1030x687.jpg 1030w, http:\/\/www.si-hr.eu\/si2\/wp-content\/uploads\/sites\/14\/2023\/09\/10.-Biljana-Kovac_6475-300x200.jpg 300w, http:\/\/www.si-hr.eu\/si2\/wp-content\/uploads\/sites\/14\/2023\/09\/10.-Biljana-Kovac_6475-768x512.jpg 768w, http:\/\/www.si-hr.eu\/si2\/wp-content\/uploads\/sites\/14\/2023\/09\/10.-Biljana-Kovac_6475-600x400.jpg 600w, http:\/\/www.si-hr.eu\/si2\/wp-content\/uploads\/sites\/14\/2023\/09\/10.-Biljana-Kovac_6475-1536x1024.jpg 1536w, http:\/\/www.si-hr.eu\/si2\/wp-content\/uploads\/sites\/14\/2023\/09\/10.-Biljana-Kovac_6475-1500x1000.jpg 1500w, http:\/\/www.si-hr.eu\/si2\/wp-content\/uploads\/sites\/14\/2023\/09\/10.-Biljana-Kovac_6475-705x470.jpg 705w, http:\/\/www.si-hr.eu\/si2\/wp-content\/uploads\/sites\/14\/2023\/09\/10.-Biljana-Kovac_6475.jpg 1620w\" data-sizes=\"(max-width: 1030px) 100vw, 1030px\" data-rel='gallery-1' data-prev-img='http:\/\/www.si-hr.eu\/si2\/wp-content\/uploads\/sites\/14\/2023\/09\/10.-Biljana-Kovac_6475-495x400.jpg' class='lightbox ' data-onclick='10' title='10. Biljana Kova\u010d_6475'  itemprop=\"thumbnailUrl\"  ><img decoding=\"async\" class=\"wp-image-6928 avia-img-lazy-loading-not-6928\"   src=\"http:\/\/www.si-hr.eu\/si2\/wp-content\/uploads\/sites\/14\/2023\/09\/10.-Biljana-Kovac_6475-495x400.jpg\" width=\"495\" height=\"400\"  title='10. Biljana Kova\u010d_6475' alt='' srcset=\"http:\/\/www.si-hr.eu\/si2\/wp-content\/uploads\/sites\/14\/2023\/09\/10.-Biljana-Kovac_6475-495x400.jpg 495w, http:\/\/www.si-hr.eu\/si2\/wp-content\/uploads\/sites\/14\/2023\/09\/10.-Biljana-Kovac_6475-845x684.jpg 845w\" sizes=\"(max-width: 495px) 100vw, 495px\" \/><\/a> <a href=\"http:\/\/www.si-hr.eu\/si2\/wp-content\/uploads\/sites\/14\/2023\/09\/11.-Biljana-Kovac_6505-1030x687.jpg\" data-srcset=\"http:\/\/www.si-hr.eu\/si2\/wp-content\/uploads\/sites\/14\/2023\/09\/11.-Biljana-Kovac_6505-1030x687.jpg 1030w, http:\/\/www.si-hr.eu\/si2\/wp-content\/uploads\/sites\/14\/2023\/09\/11.-Biljana-Kovac_6505-300x200.jpg 300w, http:\/\/www.si-hr.eu\/si2\/wp-content\/uploads\/sites\/14\/2023\/09\/11.-Biljana-Kovac_6505-768x512.jpg 768w, http:\/\/www.si-hr.eu\/si2\/wp-content\/uploads\/sites\/14\/2023\/09\/11.-Biljana-Kovac_6505-600x400.jpg 600w, http:\/\/www.si-hr.eu\/si2\/wp-content\/uploads\/sites\/14\/2023\/09\/11.-Biljana-Kovac_6505-1500x1000.jpg 1500w, http:\/\/www.si-hr.eu\/si2\/wp-content\/uploads\/sites\/14\/2023\/09\/11.-Biljana-Kovac_6505-705x470.jpg 705w, http:\/\/www.si-hr.eu\/si2\/wp-content\/uploads\/sites\/14\/2023\/09\/11.-Biljana-Kovac_6505.jpg 1512w\" data-sizes=\"(max-width: 1030px) 100vw, 1030px\" data-rel='gallery-1' data-prev-img='http:\/\/www.si-hr.eu\/si2\/wp-content\/uploads\/sites\/14\/2023\/09\/11.-Biljana-Kovac_6505-495x400.jpg' class='first_thumb lightbox ' data-onclick='11' title='11. Biljana Kova\u010d_6505'  itemprop=\"thumbnailUrl\"  ><img decoding=\"async\" class=\"wp-image-6929 avia-img-lazy-loading-not-6929\"   src=\"http:\/\/www.si-hr.eu\/si2\/wp-content\/uploads\/sites\/14\/2023\/09\/11.-Biljana-Kovac_6505-495x400.jpg\" width=\"495\" height=\"400\"  title='11. Biljana Kova\u010d_6505' alt='' srcset=\"http:\/\/www.si-hr.eu\/si2\/wp-content\/uploads\/sites\/14\/2023\/09\/11.-Biljana-Kovac_6505-495x400.jpg 495w, http:\/\/www.si-hr.eu\/si2\/wp-content\/uploads\/sites\/14\/2023\/09\/11.-Biljana-Kovac_6505-845x684.jpg 845w\" sizes=\"(max-width: 495px) 100vw, 495px\" \/><\/a> <a href=\"http:\/\/www.si-hr.eu\/si2\/wp-content\/uploads\/sites\/14\/2023\/09\/12.-Biljana-Kovac_6507-1030x687.jpg\" data-srcset=\"http:\/\/www.si-hr.eu\/si2\/wp-content\/uploads\/sites\/14\/2023\/09\/12.-Biljana-Kovac_6507-1030x687.jpg 1030w, http:\/\/www.si-hr.eu\/si2\/wp-content\/uploads\/sites\/14\/2023\/09\/12.-Biljana-Kovac_6507-300x200.jpg 300w, http:\/\/www.si-hr.eu\/si2\/wp-content\/uploads\/sites\/14\/2023\/09\/12.-Biljana-Kovac_6507-768x512.jpg 768w, http:\/\/www.si-hr.eu\/si2\/wp-content\/uploads\/sites\/14\/2023\/09\/12.-Biljana-Kovac_6507-600x400.jpg 600w, http:\/\/www.si-hr.eu\/si2\/wp-content\/uploads\/sites\/14\/2023\/09\/12.-Biljana-Kovac_6507-1536x1024.jpg 1536w, http:\/\/www.si-hr.eu\/si2\/wp-content\/uploads\/sites\/14\/2023\/09\/12.-Biljana-Kovac_6507-1500x1000.jpg 1500w, http:\/\/www.si-hr.eu\/si2\/wp-content\/uploads\/sites\/14\/2023\/09\/12.-Biljana-Kovac_6507-705x470.jpg 705w, http:\/\/www.si-hr.eu\/si2\/wp-content\/uploads\/sites\/14\/2023\/09\/12.-Biljana-Kovac_6507.jpg 1620w\" data-sizes=\"(max-width: 1030px) 100vw, 1030px\" data-rel='gallery-1' data-prev-img='http:\/\/www.si-hr.eu\/si2\/wp-content\/uploads\/sites\/14\/2023\/09\/12.-Biljana-Kovac_6507-495x400.jpg' class='lightbox ' data-onclick='12' title='12. Biljana Kova\u010d_6507'  itemprop=\"thumbnailUrl\"  ><img decoding=\"async\" class=\"wp-image-6930 avia-img-lazy-loading-not-6930\"   src=\"http:\/\/www.si-hr.eu\/si2\/wp-content\/uploads\/sites\/14\/2023\/09\/12.-Biljana-Kovac_6507-495x400.jpg\" width=\"495\" height=\"400\"  title='12. Biljana Kova\u010d_6507' alt='' srcset=\"http:\/\/www.si-hr.eu\/si2\/wp-content\/uploads\/sites\/14\/2023\/09\/12.-Biljana-Kovac_6507-495x400.jpg 495w, http:\/\/www.si-hr.eu\/si2\/wp-content\/uploads\/sites\/14\/2023\/09\/12.-Biljana-Kovac_6507-845x684.jpg 845w\" sizes=\"(max-width: 495px) 100vw, 495px\" \/><\/a> <a href=\"http:\/\/www.si-hr.eu\/si2\/wp-content\/uploads\/sites\/14\/2023\/09\/13-IMG_9167-1030x773.jpg\" data-srcset=\"http:\/\/www.si-hr.eu\/si2\/wp-content\/uploads\/sites\/14\/2023\/09\/13-IMG_9167-1030x773.jpg 1030w, http:\/\/www.si-hr.eu\/si2\/wp-content\/uploads\/sites\/14\/2023\/09\/13-IMG_9167-300x225.jpg 300w, http:\/\/www.si-hr.eu\/si2\/wp-content\/uploads\/sites\/14\/2023\/09\/13-IMG_9167-768x576.jpg 768w, http:\/\/www.si-hr.eu\/si2\/wp-content\/uploads\/sites\/14\/2023\/09\/13-IMG_9167-600x450.jpg 600w, http:\/\/www.si-hr.eu\/si2\/wp-content\/uploads\/sites\/14\/2023\/09\/13-IMG_9167-1536x1152.jpg 1536w, http:\/\/www.si-hr.eu\/si2\/wp-content\/uploads\/sites\/14\/2023\/09\/13-IMG_9167-2048x1536.jpg 2048w, http:\/\/www.si-hr.eu\/si2\/wp-content\/uploads\/sites\/14\/2023\/09\/13-IMG_9167-1500x1125.jpg 1500w, http:\/\/www.si-hr.eu\/si2\/wp-content\/uploads\/sites\/14\/2023\/09\/13-IMG_9167-705x529.jpg 705w\" data-sizes=\"(max-width: 1030px) 100vw, 1030px\" data-rel='gallery-1' data-prev-img='http:\/\/www.si-hr.eu\/si2\/wp-content\/uploads\/sites\/14\/2023\/09\/13-IMG_9167-495x400.jpg' class='lightbox ' data-onclick='13' title='13- IMG_9167'  itemprop=\"thumbnailUrl\"  ><img decoding=\"async\" class=\"wp-image-6931 avia-img-lazy-loading-not-6931\"   src=\"http:\/\/www.si-hr.eu\/si2\/wp-content\/uploads\/sites\/14\/2023\/09\/13-IMG_9167-495x400.jpg\" width=\"495\" height=\"400\"  title='13- IMG_9167' alt='' srcset=\"http:\/\/www.si-hr.eu\/si2\/wp-content\/uploads\/sites\/14\/2023\/09\/13-IMG_9167-495x400.jpg 495w, http:\/\/www.si-hr.eu\/si2\/wp-content\/uploads\/sites\/14\/2023\/09\/13-IMG_9167-845x684.jpg 845w\" sizes=\"(max-width: 495px) 100vw, 495px\" \/><\/a> <a href=\"http:\/\/www.si-hr.eu\/si2\/wp-content\/uploads\/sites\/14\/2023\/09\/14.-IMG_9169-773x1030.jpg\" data-srcset=\"http:\/\/www.si-hr.eu\/si2\/wp-content\/uploads\/sites\/14\/2023\/09\/14.-IMG_9169-773x1030.jpg 773w, http:\/\/www.si-hr.eu\/si2\/wp-content\/uploads\/sites\/14\/2023\/09\/14.-IMG_9169-225x300.jpg 225w, http:\/\/www.si-hr.eu\/si2\/wp-content\/uploads\/sites\/14\/2023\/09\/14.-IMG_9169-768x1024.jpg 768w, http:\/\/www.si-hr.eu\/si2\/wp-content\/uploads\/sites\/14\/2023\/09\/14.-IMG_9169-600x800.jpg 600w, http:\/\/www.si-hr.eu\/si2\/wp-content\/uploads\/sites\/14\/2023\/09\/14.-IMG_9169-1152x1536.jpg 1152w, http:\/\/www.si-hr.eu\/si2\/wp-content\/uploads\/sites\/14\/2023\/09\/14.-IMG_9169-1536x2048.jpg 1536w, http:\/\/www.si-hr.eu\/si2\/wp-content\/uploads\/sites\/14\/2023\/09\/14.-IMG_9169-1125x1500.jpg 1125w, http:\/\/www.si-hr.eu\/si2\/wp-content\/uploads\/sites\/14\/2023\/09\/14.-IMG_9169-529x705.jpg 529w, http:\/\/www.si-hr.eu\/si2\/wp-content\/uploads\/sites\/14\/2023\/09\/14.-IMG_9169-scaled.jpg 1920w\" data-sizes=\"(max-width: 773px) 100vw, 773px\" data-rel='gallery-1' data-prev-img='http:\/\/www.si-hr.eu\/si2\/wp-content\/uploads\/sites\/14\/2023\/09\/14.-IMG_9169-495x400.jpg' class='lightbox ' data-onclick='14' title='14. IMG_9169'  itemprop=\"thumbnailUrl\"  ><img decoding=\"async\" class=\"wp-image-6932 avia-img-lazy-loading-not-6932\"   src=\"http:\/\/www.si-hr.eu\/si2\/wp-content\/uploads\/sites\/14\/2023\/09\/14.-IMG_9169-495x400.jpg\" width=\"495\" height=\"400\"  title='14. IMG_9169' alt='' srcset=\"http:\/\/www.si-hr.eu\/si2\/wp-content\/uploads\/sites\/14\/2023\/09\/14.-IMG_9169-495x400.jpg 495w, http:\/\/www.si-hr.eu\/si2\/wp-content\/uploads\/sites\/14\/2023\/09\/14.-IMG_9169-845x684.jpg 845w\" sizes=\"(max-width: 495px) 100vw, 495px\" \/><\/a> <a href=\"http:\/\/www.si-hr.eu\/si2\/wp-content\/uploads\/sites\/14\/2023\/09\/15.-IMG_9175-1030x776.jpg\" data-srcset=\"http:\/\/www.si-hr.eu\/si2\/wp-content\/uploads\/sites\/14\/2023\/09\/15.-IMG_9175-1030x776.jpg 1030w, http:\/\/www.si-hr.eu\/si2\/wp-content\/uploads\/sites\/14\/2023\/09\/15.-IMG_9175-300x226.jpg 300w, http:\/\/www.si-hr.eu\/si2\/wp-content\/uploads\/sites\/14\/2023\/09\/15.-IMG_9175-768x579.jpg 768w, http:\/\/www.si-hr.eu\/si2\/wp-content\/uploads\/sites\/14\/2023\/09\/15.-IMG_9175-600x452.jpg 600w, http:\/\/www.si-hr.eu\/si2\/wp-content\/uploads\/sites\/14\/2023\/09\/15.-IMG_9175-1536x1157.jpg 1536w, http:\/\/www.si-hr.eu\/si2\/wp-content\/uploads\/sites\/14\/2023\/09\/15.-IMG_9175-2048x1543.jpg 2048w, http:\/\/www.si-hr.eu\/si2\/wp-content\/uploads\/sites\/14\/2023\/09\/15.-IMG_9175-1500x1130.jpg 1500w, http:\/\/www.si-hr.eu\/si2\/wp-content\/uploads\/sites\/14\/2023\/09\/15.-IMG_9175-705x531.jpg 705w\" data-sizes=\"(max-width: 1030px) 100vw, 1030px\" data-rel='gallery-1' data-prev-img='http:\/\/www.si-hr.eu\/si2\/wp-content\/uploads\/sites\/14\/2023\/09\/15.-IMG_9175-495x400.jpg' class='lightbox ' data-onclick='15' title='15. IMG_9175'  itemprop=\"thumbnailUrl\"  ><img decoding=\"async\" class=\"wp-image-6933 avia-img-lazy-loading-not-6933\"   src=\"http:\/\/www.si-hr.eu\/si2\/wp-content\/uploads\/sites\/14\/2023\/09\/15.-IMG_9175-495x400.jpg\" width=\"495\" height=\"400\"  title='15. IMG_9175' alt='' srcset=\"http:\/\/www.si-hr.eu\/si2\/wp-content\/uploads\/sites\/14\/2023\/09\/15.-IMG_9175-495x400.jpg 495w, http:\/\/www.si-hr.eu\/si2\/wp-content\/uploads\/sites\/14\/2023\/09\/15.-IMG_9175-845x684.jpg 845w\" sizes=\"(max-width: 495px) 100vw, 495px\" \/><\/a> <a href=\"http:\/\/www.si-hr.eu\/si2\/wp-content\/uploads\/sites\/14\/2023\/09\/16.-Interreg-Umag-2028-10-1030x773.jpg\" data-srcset=\"http:\/\/www.si-hr.eu\/si2\/wp-content\/uploads\/sites\/14\/2023\/09\/16.-Interreg-Umag-2028-10-1030x773.jpg 1030w, http:\/\/www.si-hr.eu\/si2\/wp-content\/uploads\/sites\/14\/2023\/09\/16.-Interreg-Umag-2028-10-300x225.jpg 300w, http:\/\/www.si-hr.eu\/si2\/wp-content\/uploads\/sites\/14\/2023\/09\/16.-Interreg-Umag-2028-10-768x576.jpg 768w, http:\/\/www.si-hr.eu\/si2\/wp-content\/uploads\/sites\/14\/2023\/09\/16.-Interreg-Umag-2028-10-600x450.jpg 600w, http:\/\/www.si-hr.eu\/si2\/wp-content\/uploads\/sites\/14\/2023\/09\/16.-Interreg-Umag-2028-10-705x529.jpg 705w, http:\/\/www.si-hr.eu\/si2\/wp-content\/uploads\/sites\/14\/2023\/09\/16.-Interreg-Umag-2028-10.jpg 1280w\" data-sizes=\"(max-width: 1030px) 100vw, 1030px\" data-rel='gallery-1' data-prev-img='http:\/\/www.si-hr.eu\/si2\/wp-content\/uploads\/sites\/14\/2023\/09\/16.-Interreg-Umag-2028-10-495x400.jpg' class='first_thumb lightbox ' data-onclick='16' title='16. Interreg-Umag-2028 (10)'  itemprop=\"thumbnailUrl\"  ><img decoding=\"async\" class=\"wp-image-6934 avia-img-lazy-loading-not-6934\"   src=\"http:\/\/www.si-hr.eu\/si2\/wp-content\/uploads\/sites\/14\/2023\/09\/16.-Interreg-Umag-2028-10-495x400.jpg\" width=\"495\" height=\"400\"  title='16. Interreg-Umag-2028 (10)' alt='' srcset=\"http:\/\/www.si-hr.eu\/si2\/wp-content\/uploads\/sites\/14\/2023\/09\/16.-Interreg-Umag-2028-10-495x400.jpg 495w, http:\/\/www.si-hr.eu\/si2\/wp-content\/uploads\/sites\/14\/2023\/09\/16.-Interreg-Umag-2028-10-845x684.jpg 845w\" sizes=\"(max-width: 495px) 100vw, 495px\" \/><\/a> <a href=\"http:\/\/www.si-hr.eu\/si2\/wp-content\/uploads\/sites\/14\/2023\/09\/17.-Interreg-Umag-2028-3-1030x773.jpg\" data-srcset=\"http:\/\/www.si-hr.eu\/si2\/wp-content\/uploads\/sites\/14\/2023\/09\/17.-Interreg-Umag-2028-3-1030x773.jpg 1030w, http:\/\/www.si-hr.eu\/si2\/wp-content\/uploads\/sites\/14\/2023\/09\/17.-Interreg-Umag-2028-3-300x225.jpg 300w, http:\/\/www.si-hr.eu\/si2\/wp-content\/uploads\/sites\/14\/2023\/09\/17.-Interreg-Umag-2028-3-768x576.jpg 768w, http:\/\/www.si-hr.eu\/si2\/wp-content\/uploads\/sites\/14\/2023\/09\/17.-Interreg-Umag-2028-3-600x450.jpg 600w, http:\/\/www.si-hr.eu\/si2\/wp-content\/uploads\/sites\/14\/2023\/09\/17.-Interreg-Umag-2028-3-1536x1152.jpg 1536w, http:\/\/www.si-hr.eu\/si2\/wp-content\/uploads\/sites\/14\/2023\/09\/17.-Interreg-Umag-2028-3-1500x1125.jpg 1500w, http:\/\/www.si-hr.eu\/si2\/wp-content\/uploads\/sites\/14\/2023\/09\/17.-Interreg-Umag-2028-3-705x529.jpg 705w, http:\/\/www.si-hr.eu\/si2\/wp-content\/uploads\/sites\/14\/2023\/09\/17.-Interreg-Umag-2028-3.jpg 1600w\" data-sizes=\"(max-width: 1030px) 100vw, 1030px\" data-rel='gallery-1' data-prev-img='http:\/\/www.si-hr.eu\/si2\/wp-content\/uploads\/sites\/14\/2023\/09\/17.-Interreg-Umag-2028-3-495x400.jpg' class='lightbox ' data-onclick='17' title='17. Interreg-Umag-2028 (3)'  itemprop=\"thumbnailUrl\"  ><img decoding=\"async\" class=\"wp-image-6935 avia-img-lazy-loading-not-6935\"   src=\"http:\/\/www.si-hr.eu\/si2\/wp-content\/uploads\/sites\/14\/2023\/09\/17.-Interreg-Umag-2028-3-495x400.jpg\" width=\"495\" height=\"400\"  title='17. Interreg-Umag-2028 (3)' alt='' srcset=\"http:\/\/www.si-hr.eu\/si2\/wp-content\/uploads\/sites\/14\/2023\/09\/17.-Interreg-Umag-2028-3-495x400.jpg 495w, http:\/\/www.si-hr.eu\/si2\/wp-content\/uploads\/sites\/14\/2023\/09\/17.-Interreg-Umag-2028-3-845x684.jpg 845w\" sizes=\"(max-width: 495px) 100vw, 495px\" \/><\/a><\/div><\/div>\n","protected":false},"excerpt":{"rendered":"<p>V sklopu praznovanja Dneva Interreg sodelovanja evropskega leta ve\u0161\u010din, je Umag gostil osrednji dogodek Interreg Programa sodelovanja Slovenija-Hrva\u0161ka 2014-2020&#8230;<\/p>\n","protected":false},"author":18,"featured_media":6920,"comment_status":"closed","ping_status":"open","sticky":false,"template":"","format":"standard","meta":{"ngg_post_thumbnail":0},"categories":[3,8],"tags":[],"acf":[],"_links":{"self":[{"href":"http:\/\/www.si-hr.eu\/si2\/wp-json\/wp\/v2\/posts\/6918"}],"collection":[{"href":"http:\/\/www.si-hr.eu\/si2\/wp-json\/wp\/v2\/posts"}],"about":[{"href":"http:\/\/www.si-hr.eu\/si2\/wp-json\/wp\/v2\/types\/post"}],"author":[{"embeddable":true,"href":"http:\/\/www.si-hr.eu\/si2\/wp-json\/wp\/v2\/users\/18"}],"replies":[{"embeddable":true,"href":"http:\/\/www.si-hr.eu\/si2\/wp-json\/wp\/v2\/comments?post=6918"}],"version-history":[{"count":2,"href":"http:\/\/www.si-hr.eu\/si2\/wp-json\/wp\/v2\/posts\/6918\/revisions"}],"predecessor-version":[{"id":6937,"href":"http:\/\/www.si-hr.eu\/si2\/wp-json\/wp\/v2\/posts\/6918\/revisions\/6937"}],"wp:featuredmedia":[{"embeddable":true,"href":"http:\/\/www.si-hr.eu\/si2\/wp-json\/wp\/v2\/media\/6920"}],"wp:attachment":[{"href":"http:\/\/www.si-hr.eu\/si2\/wp-json\/wp\/v2\/media?parent=6918"}],"wp:term":[{"taxonomy":"category","embeddable":true,"href":"http:\/\/www.si-hr.eu\/si2\/wp-json\/wp\/v2\/categories?post=6918"},{"taxonomy":"post_tag","embeddable":true,"href":"http:\/\/www.si-hr.eu\/si2\/wp-json\/wp\/v2\/tags?post=6918"}],"curies":[{"name":"wp","href":"https:\/\/api.w.org\/{rel}","templated":true}]}}